{"id":12251,"date":"2026-04-06T06:37:25","date_gmt":"2026-04-06T04:37:25","guid":{"rendered":"https:\/\/nkr.narvalib.ee\/lastekas\/?p=12251"},"modified":"2026-04-07T16:39:39","modified_gmt":"2026-04-07T14:39:39","slug":"projekt-minu-esimene-eestikeelne-raamat","status":"publish","type":"post","link":"https:\/\/nkr.narvalib.ee\/lastekas\/et\/archives\/12251","title":{"rendered":"Projekt \u201eMinu esimene eestikeelne raamat\u201c"},"content":{"rendered":"<p><img loading=\"lazy\" class=\"alignnone wp-image-12252  aligncenter\" src=\"https:\/\/nkr.narvalib.ee\/lastekas\/wp-content\/uploads\/2026\/04\/22est.jpg\" alt=\"\" width=\"400\" height=\"566\" srcset=\"https:\/\/nkr.narvalib.ee\/lastekas\/wp-content\/uploads\/2026\/04\/22est.jpg 1414w, https:\/\/nkr.narvalib.ee\/lastekas\/wp-content\/uploads\/2026\/04\/22est-106x150.jpg 106w, https:\/\/nkr.narvalib.ee\/lastekas\/wp-content\/uploads\/2026\/04\/22est-141x200.jpg 141w, https:\/\/nkr.narvalib.ee\/lastekas\/wp-content\/uploads\/2026\/04\/22est-768x1086.jpg 768w, https:\/\/nkr.narvalib.ee\/lastekas\/wp-content\/uploads\/2026\/04\/22est-1086x1536.jpg 1086w, https:\/\/nkr.narvalib.ee\/lastekas\/wp-content\/uploads\/2026\/04\/22est-92x130.jpg 92w\" sizes=\"(max-width: 400px) 100vw, 400px\" \/><\/p>\n<p>Narva Keskraamatukogus on alanud inspireeriv projekt \u201eMinu esimene eestikeelne raamat\u201c, mis on suunatud 1.\u20133. klassi lastele, kelle emakeel ei ole eesti keel.<\/p>\n<p>Projekti k\u00e4igus loovad lapsed oma lood: nad m\u00f5tlevad v\u00e4lja tegelased ja s\u00fcndmused, pakuvad ideid ning kirjutavad loo aluse. Lugude arendamisel ja illustratsioonide loomisel kasutatakse abivahendina tehisintellekti, mis aitab lastel oma ideid edasi arendada ja vormistada. Valmivad lood on eestikeelsed ning need koondatakse \u00fchisesse raamatusse.<!--more--><\/p>\n<p>K\u00f5igi osalejate lood koondatakse \u00fchisesse raamatusse, mille saab endale iga projektis osaleja.<\/p>\n<p>Projekt pakub lastele v\u00f5imalust arendada loovust, v\u00e4ljendusoskust ja eesti keele oskust toetavas ja m\u00e4ngulises keskkonnas.<\/p>\n<p>Projekt kestab kuni <strong>mai l\u00f5puni<\/strong>, lugude kirjutamise aktiivne etapp toimub kuni <strong>20. aprillini<\/strong>.<br \/>\nProjektiga saab liituda kuni <strong>10. aprillini<\/strong> (k.a).<\/p>\n<p>Ootame projekti uusi osalejaid!<br \/>\nKui sinu laps soovib proovida oma loo loomist ja projektiga liituda, tasub registreerimisega kiirustada.<\/p>\n<p>Eelregistreerimine ja lisainfo telefonil:<br \/>\n35 91467<\/p>\n","protected":false},"excerpt":{"rendered":"<p>Narva Keskraamatukogus on alanud inspireeriv projekt \u201eMinu esimene eestikeelne raamat\u201c, mis on suunatud 1.\u20133. klassi lastele, kelle emakeel ei ole eesti keel. Projekti k\u00e4igus loovad lapsed oma lood: nad m\u00f5tlevad v\u00e4lja tegelased ja s\u00fcndmused, pakuvad ideid ning kirjutavad loo aluse&#8230;.<br \/><a class=\"read-more-button\" href=\"https:\/\/nkr.narvalib.ee\/lastekas\/et\/archives\/12251\">\u0414\u0410\u041b\u0415\u0415<\/a><\/p>\n","protected":false},"author":4,"featured_media":0,"comment_status":"closed","ping_status":"open","sticky":false,"template":"","format":"standard","meta":[],"categories":[17],"tags":[],"_links":{"self":[{"href":"https:\/\/nkr.narvalib.ee\/lastekas\/wp-json\/wp\/v2\/posts\/12251"}],"collection":[{"href":"https:\/\/nkr.narvalib.ee\/lastekas\/wp-json\/wp\/v2\/posts"}],"about":[{"href":"https:\/\/nkr.narvalib.ee\/lastekas\/wp-json\/wp\/v2\/types\/post"}],"author":[{"embeddable":true,"href":"https:\/\/nkr.narvalib.ee\/lastekas\/wp-json\/wp\/v2\/users\/4"}],"replies":[{"embeddable":true,"href":"https:\/\/nkr.narvalib.ee\/lastekas\/wp-json\/wp\/v2\/comments?post=12251"}],"version-history":[{"count":0,"href":"https:\/\/nkr.narvalib.ee\/lastekas\/wp-json\/wp\/v2\/posts\/12251\/revisions"}],"wp:attachment":[{"href":"https:\/\/nkr.narvalib.ee\/lastekas\/wp-json\/wp\/v2\/media?parent=12251"}],"wp:term":[{"taxonomy":"category","embeddable":true,"href":"https:\/\/nkr.narvalib.ee\/lastekas\/wp-json\/wp\/v2\/categories?post=12251"},{"taxonomy":"post_tag","embeddable":true,"href":"https:\/\/nkr.narvalib.ee\/lastekas\/wp-json\/wp\/v2\/tags?post=12251"}],"curies":[{"name":"wp","href":"https:\/\/api.w.org\/{rel}","templated":true}]}}