{"id":12277,"date":"2026-04-14T09:15:29","date_gmt":"2026-04-14T07:15:29","guid":{"rendered":"https:\/\/nkr.narvalib.ee\/lastekas\/?p=12277"},"modified":"2026-04-23T09:32:27","modified_gmt":"2026-04-23T07:32:27","slug":"lastetoode-naitus-imedelaegas","status":"publish","type":"post","link":"https:\/\/nkr.narvalib.ee\/lastekas\/et\/archives\/12277","title":{"rendered":"Lastet\u00f6\u00f6de n\u00e4itus \u201eImedelaegas\u201c"},"content":{"rendered":"<p data-start=\"153\" data-end=\"357\"><img loading=\"lazy\" class=\"wp-image-12278 alignleft\" src=\"https:\/\/nkr.narvalib.ee\/lastekas\/wp-content\/uploads\/2026\/04\/Potsataja.jpg\" alt=\"\" width=\"190\" height=\"338\" srcset=\"https:\/\/nkr.narvalib.ee\/lastekas\/wp-content\/uploads\/2026\/04\/Potsataja.jpg 900w, https:\/\/nkr.narvalib.ee\/lastekas\/wp-content\/uploads\/2026\/04\/Potsataja-84x150.jpg 84w, https:\/\/nkr.narvalib.ee\/lastekas\/wp-content\/uploads\/2026\/04\/Potsataja-113x200.jpg 113w, https:\/\/nkr.narvalib.ee\/lastekas\/wp-content\/uploads\/2026\/04\/Potsataja-768x1364.jpg 768w, https:\/\/nkr.narvalib.ee\/lastekas\/wp-content\/uploads\/2026\/04\/Potsataja-865x1536.jpg 865w, https:\/\/nkr.narvalib.ee\/lastekas\/wp-content\/uploads\/2026\/04\/Potsataja-73x130.jpg 73w\" sizes=\"(max-width: 190px) 100vw, 190px\" \/>Narva Keskraamatukogu lasteosakonnas avati n\u00e4itus \u201eImedelaegas\u201c, mille on ette valmistanud lasteaia <a href=\"https:\/\/www.facebook.com\/search\/top?q=narva%20lasteaed%20potsataja\">Narva Lasteaed Potsataja<\/a> lapsed, lapsevanemad ja t\u00f6\u00f6tajad \u2014 programmi \u201eEttev\u00f5tlik kool\u201c osalejad.<\/p>\n<p data-start=\"359\" data-end=\"531\">N\u00e4itusel on eksponeeritud loomingulised t\u00f6\u00f6d, mis on valmistatud taaskasutatud materjalidest: kangaj\u00e4\u00e4kidest, n\u00f6\u00f6pidest, helmestest ning muudest taaskasutusmaterjalidest.<\/p>\n<p data-start=\"533\" data-end=\"627\">V\u00e4ljapanek n\u00e4itab, kui kauneid ja oman\u00e4olisi esemeid saab luua juba kasutatud materjalidest.<\/p>\n<p data-start=\"629\" data-end=\"692\">N\u00e4itus on avatud kuni 5. maini raamatukogu 3. korrusel.<\/p>\n<p>&nbsp;<\/p>\n","protected":false},"excerpt":{"rendered":"<p>Narva Keskraamatukogu lasteosakonnas avati n\u00e4itus \u201eImedelaegas\u201c, mille on ette valmistanud lasteaia Narva Lasteaed Potsataja lapsed, lapsevanemad ja t\u00f6\u00f6tajad \u2014 programmi \u201eEttev\u00f5tlik kool\u201c osalejad. N\u00e4itusel on eksponeeritud loomingulised t\u00f6\u00f6d, mis on valmistatud taaskasutatud materjalidest: kangaj\u00e4\u00e4kidest, n\u00f6\u00f6pidest, helmestest ning muudest taaskasutusmaterjalidest. V\u00e4ljapanek&#8230;<br \/><a class=\"read-more-button\" href=\"https:\/\/nkr.narvalib.ee\/lastekas\/et\/archives\/12277\">\u0414\u0410\u041b\u0415\u0415<\/a><\/p>\n","protected":false},"author":4,"featured_media":0,"comment_status":"closed","ping_status":"open","sticky":false,"template":"","format":"standard","meta":[],"categories":[17],"tags":[],"_links":{"self":[{"href":"https:\/\/nkr.narvalib.ee\/lastekas\/wp-json\/wp\/v2\/posts\/12277"}],"collection":[{"href":"https:\/\/nkr.narvalib.ee\/lastekas\/wp-json\/wp\/v2\/posts"}],"about":[{"href":"https:\/\/nkr.narvalib.ee\/lastekas\/wp-json\/wp\/v2\/types\/post"}],"author":[{"embeddable":true,"href":"https:\/\/nkr.narvalib.ee\/lastekas\/wp-json\/wp\/v2\/users\/4"}],"replies":[{"embeddable":true,"href":"https:\/\/nkr.narvalib.ee\/lastekas\/wp-json\/wp\/v2\/comments?post=12277"}],"version-history":[{"count":0,"href":"https:\/\/nkr.narvalib.ee\/lastekas\/wp-json\/wp\/v2\/posts\/12277\/revisions"}],"wp:attachment":[{"href":"https:\/\/nkr.narvalib.ee\/lastekas\/wp-json\/wp\/v2\/media?parent=12277"}],"wp:term":[{"taxonomy":"category","embeddable":true,"href":"https:\/\/nkr.narvalib.ee\/lastekas\/wp-json\/wp\/v2\/categories?post=12277"},{"taxonomy":"post_tag","embeddable":true,"href":"https:\/\/nkr.narvalib.ee\/lastekas\/wp-json\/wp\/v2\/tags?post=12277"}],"curies":[{"name":"wp","href":"https:\/\/api.w.org\/{rel}","templated":true}]}}